[{"command":"insert","method":"append","selector":"body","data":"\u003Ch3\u003ECrit\u00e8res Accueil V\u00e9lo\u003C\/h3\u003E\u003Cdiv class=\u0022argument-accueil-velo-teaser\u0022\u003E\n        \u003Cdiv class=\u0022field_image\u0022\u003E  \u003Cimg loading=\u0022lazy\u0022 src=\u0022\/sites\/default\/files\/accueilvelo\/2-picto-orientation.png\u0022 width=\u00221102\u0022 height=\u00221102\u0022 alt=\u0022\u0022 \/\u003E\n\n\u003C\/div\u003E\n  \n  \u003Cdiv class=\u0022label\u0022\u003E\u00catre inform\u00e9\u003C\/div\u003E\n        \u003Cdiv class=\u0022description\u0022\u003E\u003Cp\u003E\u003Cmeta charset=\u0022utf-8\u0022\u003E\u003Cspan style=\u0022white-space:pre-wrap;\u0022\u003EDes indications claires avec le \u003Cstrong\u003Emeilleur parcours\u003C\/strong\u003E \u003Cstrong\u003Epour rejoindre\u003C\/strong\u003E l\u2019\u00e9tablissement Accueil V\u00e9lo de votre choix !\u003C\/span\u003E\u003C\/p\u003E\u003C\/div\u003E\n  \n\u003C\/div\u003E\n\u003Cdiv class=\u0022argument-accueil-velo-teaser\u0022\u003E\n        \u003Cdiv class=\u0022field_image\u0022\u003E  \u003Cimg loading=\u0022lazy\u0022 src=\u0022\/sites\/default\/files\/accueilvelo\/1-picto-accueil.png\u0022 width=\u00221102\u0022 height=\u00221102\u0022 alt=\u0022\u0022 \/\u003E\n\n\u003C\/div\u003E\n  \n  \u003Cdiv class=\u0022label\u0022\u003E\u00catre accueilli\u003C\/div\u003E\n        \u003Cdiv class=\u0022description\u0022\u003E\u003Cp\u003EUn \u003Cstrong\u003Eaccueil chaleureux et personnalis\u00e9\u003C\/strong\u003E gr\u00e2ce \u00e0 des conseils adapt\u00e9s (adresse pratiques : r\u00e9parateurs, loueurs, laverie\u2026) et de la documentation utile pour vos balades \u00e0 v\u00e9lo et vos visites touristiques.\u003C\/p\u003E\u003C\/div\u003E\n  \n\u003C\/div\u003E\n\u003Cdiv class=\u0022argument-accueil-velo-teaser\u0022\u003E\n        \u003Cdiv class=\u0022field_image\u0022\u003E  \u003Cimg loading=\u0022lazy\u0022 src=\u0022\/sites\/default\/files\/accueilvelo\/4-picto-parking-2.png\u0022 width=\u00221102\u0022 height=\u00221102\u0022 alt=\u0022\u0022 \/\u003E\n\n\u003C\/div\u003E\n  \n  \u003Cdiv class=\u0022label\u0022\u003EStationner votre v\u00e9lo\u003C\/div\u003E\n        \u003Cdiv class=\u0022description\u0022\u003E\u003Cp\u003E\u003Cmeta charset=\u0022utf-8\u0022\u003E\u003Cmeta charset=\u0022utf-8\u0022\u003E\u003Cspan style=\u0022white-space:pre-wrap;\u0022\u003EUn \u003Cstrong\u003Estationnement s\u00e9curis\u00e9 et gratuit\u003C\/strong\u003E pour votre v\u00e9lo pour une pause d\u00e9jeuner, une nuit\u00e9e ou une \u00e9tape touristique en toute tranquillit\u00e9.\u003C\/span\u003E\u003C\/p\u003E\u003C\/div\u003E\n  \n\u003C\/div\u003E\n\u003Cdiv class=\u0022argument-accueil-velo-teaser\u0022\u003E\n        \u003Cdiv class=\u0022field_image\u0022\u003E  \u003Cimg loading=\u0022lazy\u0022 src=\u0022\/sites\/default\/files\/accueilvelo\/5-picto-bagage-2.png\u0022 width=\u00221102\u0022 height=\u00221102\u0022 alt=\u0022\u0022 \/\u003E\n\n\u003C\/div\u003E\n  \n  \u003Cdiv class=\u0022label\u0022\u003ED\u00e9poser vos bagages\u003C\/div\u003E\n        \u003Cdiv class=\u0022description\u0022\u003E\u003Cp\u003E\u003Cstrong\u003E\u003Cmeta charset=\u0022utf-8\u0022\u003ELaisser vos sacoches\u003C\/strong\u003E et bagages en toute s\u00e9r\u00e9nit\u00e9 gr\u00e2ce \u00e0 un \u003Cstrong\u003Eespace s\u00e9curis\u00e9\u003C\/strong\u003E (gardiennage, casiers ou consignes), pour profiter pleinement de votre pause sans souci.\u003C\/p\u003E\u003C\/div\u003E\n  \n\u003C\/div\u003E\n\u003Cdiv class=\u0022argument-accueil-velo-teaser\u0022\u003E\n        \u003Cdiv class=\u0022field_image\u0022\u003E  \u003Cimg loading=\u0022lazy\u0022 src=\u0022\/sites\/default\/files\/accueilvelo\/6-picto-recharge-tel-2.png\u0022 width=\u00221102\u0022 height=\u00221102\u0022 alt=\u0022\u0022 \/\u003E\n\n\u003C\/div\u003E\n  \n  \u003Cdiv class=\u0022label\u0022\u003ERecharger vos appareils\u003C\/div\u003E\n        \u003Cdiv class=\u0022description\u0022\u003E\u003Cp\u003E\u003Cstrong\u003ERecharger\u003C\/strong\u003E facilement votre \u003Cstrong\u003Et\u00e9l\u00e9phone\u003C\/strong\u003E ou votre GPS sur votre trajet !\u003C\/p\u003E\u003C\/div\u003E\n  \n\u003C\/div\u003E\n\u003Cdiv class=\u0022argument-accueil-velo-teaser\u0022\u003E\n        \u003Cdiv class=\u0022field_image\u0022\u003E  \u003Cimg loading=\u0022lazy\u0022 src=\u0022\/sites\/default\/files\/accueilvelo\/7-picto-batterie-2.png\u0022 width=\u00221102\u0022 height=\u00221102\u0022 alt=\u0022\u0022 \/\u003E\n\n\u003C\/div\u003E\n  \n  \u003Cdiv class=\u0022label\u0022\u003ERecharger votre v\u00e9lo\u003C\/div\u003E\n        \u003Cdiv class=\u0022description\u0022\u003E\u003Cp\u003ERecharger votre \u003Cstrong\u003Ev\u00e9lo \u00e9lectrique\u003C\/strong\u003E (VAE) pour repartir \u00e0 100 % d\u2019\u00e9nergie apr\u00e8s chaque \u00e9tape !\u003C\/p\u003E\u003C\/div\u003E\n  \n\u003C\/div\u003E\n\u003Cdiv class=\u0022argument-accueil-velo-teaser\u0022\u003E\n        \u003Cdiv class=\u0022field_image\u0022\u003E  \u003Cimg loading=\u0022lazy\u0022 src=\u0022\/sites\/default\/files\/accueilvelo\/3-picto-reparation-2.png\u0022 width=\u00221102\u0022 height=\u00221102\u0022 alt=\u0022\u0022 \/\u003E\n\n\u003C\/div\u003E\n  \n  \u003Cdiv class=\u0022label\u0022\u003EKit de r\u00e9paration \u00e0 disposition\u003C\/div\u003E\n        \u003Cdiv class=\u0022description\u0022\u003E\u003Cp\u003E\u003Cmeta charset=\u0022utf-8\u0022\u003EUn \u003Cstrong\u003Ekit de r\u00e9paration complet\u003C\/strong\u003E \u00e0 disposition en cas de p\u00e9pin, et l\u2019adresse du r\u00e9parateur le plus proche si besoin.\u003C\/p\u003E\u003C\/div\u003E\n  \n\u003C\/div\u003E\n\u003Ch3\u003ECrit\u00e8res suppl\u00e9mentaires pour les h\u00e9bergements\u003C\/h3\u003E\u003Cdiv class=\u0022argument-accueil-velo-teaser\u0022\u003E\n        \u003Cdiv class=\u0022field_image\u0022\u003E  \u003Cimg loading=\u0022lazy\u0022 src=\u0022\/sites\/default\/files\/accueilvelo\/laver-linge-accueil-velo_0.png\u0022 width=\u002280\u0022 height=\u002280\u0022 alt=\u0022\u0022 \/\u003E\n\n\u003C\/div\u003E\n  \n  \u003Cdiv class=\u0022label\u0022\u003ELaver votre linge\u003C\/div\u003E\n        \u003Cdiv class=\u0022description\u0022\u003E\u003Cp\u003EApr\u00e8s une \u00e9tape \u00e0 v\u00e9lo, profitez de la possibilit\u00e9 de laver et s\u00e9cher votre linge afin de repartir frais et pr\u00eat pour la suite de votre itin\u00e9raire.\u003C\/p\u003E\u003C\/div\u003E\n  \n\u003C\/div\u003E\n\u003Cdiv class=\u0022argument-accueil-velo-teaser\u0022\u003E\n        \u003Cdiv class=\u0022field_image\u0022\u003E  \u003Cimg loading=\u0022lazy\u0022 src=\u0022\/sites\/default\/files\/accueilvelo\/nettoyage-velo-accueil-velo.png\u0022 width=\u002280\u0022 height=\u002280\u0022 alt=\u0022\u0022 \/\u003E\n\n\u003C\/div\u003E\n  \n  \u003Cdiv class=\u0022label\u0022\u003ENettoyer votre v\u00e9lo\u003C\/div\u003E\n        \u003Cdiv class=\u0022description\u0022\u003E\u003Cp\u003EVotre v\u00e9lo aussi m\u00e9rite une pause ! Des \u00e9quipements ou espaces adapt\u00e9s vous permettent de nettoyer facilement votre v\u00e9lo apr\u00e8s votre journ\u00e9e de route.\u003C\/p\u003E\u003C\/div\u003E\n  \n\u003C\/div\u003E\n\u003Cdiv class=\u0022argument-accueil-velo-teaser\u0022\u003E\n        \u003Cdiv class=\u0022field_image\u0022\u003E  \u003Cimg loading=\u0022lazy\u0022 src=\u0022\/sites\/default\/files\/accueilvelo\/petit-dejeuner-accueil-velo.png\u0022 width=\u002280\u0022 height=\u002280\u0022 alt=\u0022\u0022 \/\u003E\n\n\u003C\/div\u003E\n  \n  \u003Cdiv class=\u0022label\u0022\u003EFaire le plein d\u2019\u00e9nergie au petit d\u00e9jeuner\u003C\/div\u003E\n        \u003Cdiv class=\u0022description\u0022\u003E\u003Cp\u003ELorsque les h\u00e9bergements Accueil V\u00e9lo proposent un petit d\u00e9jeuner, celui-ci est adapt\u00e9 aux cyclistes pour bien d\u00e9marrer la journ\u00e9e et reprendre la route en pleine forme.\u003C\/p\u003E\u003C\/div\u003E\n  \n\u003C\/div\u003E\n\u003Cdiv class=\u0022argument-accueil-velo-teaser\u0022\u003E\n        \u003Cdiv class=\u0022field_image\u0022\u003E  \u003Cimg loading=\u0022lazy\u0022 src=\u0022\/sites\/default\/files\/accueilvelo\/repas-soir-accueil-velo.png\u0022 width=\u002280\u0022 height=\u002280\u0022 alt=\u0022\u0022 \/\u003E\n\n\u003C\/div\u003E\n  \n  \u003Cdiv class=\u0022label\u0022\u003ETrouver facilement o\u00f9 d\u00eener\u003C\/div\u003E\n        \u003Cdiv class=\u0022description\u0022\u003E\u003Cp\u003ESi votre h\u00e9bergement ne propose pas de restauration le soir, votre h\u00f4te pourra vous indiquer les bonnes adresses \u00e0 proximit\u00e9 pour profiter d\u2019un repas apr\u00e8s votre journ\u00e9e \u00e0 v\u00e9lo.\u003C\/p\u003E\u003C\/div\u003E\n  \n\u003C\/div\u003E\n\u003Cdiv class=\u0022argument-accueil-velo-teaser\u0022\u003E\n        \u003Cdiv class=\u0022field_image\u0022\u003E  \u003Cimg loading=\u0022lazy\u0022 src=\u0022\/sites\/default\/files\/accueilvelo\/transfert-bagage-accueil-velo.png\u0022 width=\u002280\u0022 height=\u002280\u0022 alt=\u0022\u0022 \/\u003E\n\n\u003C\/div\u003E\n  \n  \u003Cdiv class=\u0022label\u0022\u003ETransfert de bagages (service optionnel)\u003C\/div\u003E\n        \u003Cdiv class=\u0022description\u0022\u003E\u003Cp\u003ECertains h\u00e9bergements Accueil V\u00e9lo proposent un service de transfert de bagages entre vos \u00e9tapes pour vous permettre de voyager plus l\u00e9ger.\u003C\/p\u003E\u003C\/div\u003E\n  \n\u003C\/div\u003E\n\u003Cdiv class=\u0022argument-accueil-velo-teaser\u0022\u003E\n        \u003Cdiv class=\u0022field_image\u0022\u003E  \u003Cimg loading=\u0022lazy\u0022 src=\u0022\/sites\/default\/files\/accueilvelo\/parking-accueil-velo.png\u0022 width=\u002280\u0022 height=\u002280\u0022 alt=\u0022\u0022 \/\u003E\n\n\u003C\/div\u003E\n  \n  \u003Cdiv class=\u0022label\u0022\u003EStationner votre v\u00e9hicule pendant votre voyage (service optionnel)\u003C\/div\u003E\n        \u003Cdiv class=\u0022description\u0022\u003E\u003Cp\u003ECertains h\u00e9bergements peuvent \u00e9galement vous proposer de laisser votre v\u00e9hicule stationn\u00e9 chez eux pendant votre s\u00e9jour \u00e0 v\u00e9lo.\u003C\/p\u003E\u003C\/div\u003E\n  \n\u003C\/div\u003E\n\u003Cdiv\u003E\n  \u003Cdiv class=\u0022modal\u0022 data-id=\u0022avantage-accueil-velo\u0022 data-open=\u0022true\u0022 data-remove=\u0022true\u0022\u003E\n    \u003Cdiv class=\u0022modal-head d-flex\u0022\u003E\n      \u003Ch3\u003E Les avantages Accueil V\u00e9lo\u003C\/h3\u003E\n      \u003Ca href=\u0022#\u0022 class=\u0022close alignright inherit\u0022 data-icon=\u0022close\u0022\u003E\u003C\/a\u003E\n    \u003C\/div\u003E\n    \u003Cdiv class=\u0022content-modal\u0022\u003E\n              \u003Ch3\u003ECrit\u00e8res Accueil V\u00e9lo\u003C\/h3\u003E\u003Cdiv class=\u0022argument-accueil-velo-teaser\u0022\u003E\n        \u003Cdiv class=\u0022field_image\u0022\u003E  \u003Cimg loading=\u0022lazy\u0022 src=\u0022\/sites\/default\/files\/accueilvelo\/2-picto-orientation.png\u0022 width=\u00221102\u0022 height=\u00221102\u0022 alt=\u0022\u0022 \/\u003E\n\n\u003C\/div\u003E\n  \n  \u003Cdiv class=\u0022label\u0022\u003E\u00catre inform\u00e9\u003C\/div\u003E\n        \u003Cdiv class=\u0022description\u0022\u003E\u003Cp\u003E\u003Cmeta charset=\u0022utf-8\u0022\u003E\u003Cspan style=\u0022white-space:pre-wrap;\u0022\u003EDes indications claires avec le \u003Cstrong\u003Emeilleur parcours\u003C\/strong\u003E \u003Cstrong\u003Epour rejoindre\u003C\/strong\u003E l\u2019\u00e9tablissement Accueil V\u00e9lo de votre choix !\u003C\/span\u003E\u003C\/p\u003E\u003C\/div\u003E\n  \n\u003C\/div\u003E\n\u003Cdiv class=\u0022argument-accueil-velo-teaser\u0022\u003E\n        \u003Cdiv class=\u0022field_image\u0022\u003E  \u003Cimg loading=\u0022lazy\u0022 src=\u0022\/sites\/default\/files\/accueilvelo\/1-picto-accueil.png\u0022 width=\u00221102\u0022 height=\u00221102\u0022 alt=\u0022\u0022 \/\u003E\n\n\u003C\/div\u003E\n  \n  \u003Cdiv class=\u0022label\u0022\u003E\u00catre accueilli\u003C\/div\u003E\n        \u003Cdiv class=\u0022description\u0022\u003E\u003Cp\u003EUn \u003Cstrong\u003Eaccueil chaleureux et personnalis\u00e9\u003C\/strong\u003E gr\u00e2ce \u00e0 des conseils adapt\u00e9s (adresse pratiques : r\u00e9parateurs, loueurs, laverie\u2026) et de la documentation utile pour vos balades \u00e0 v\u00e9lo et vos visites touristiques.\u003C\/p\u003E\u003C\/div\u003E\n  \n\u003C\/div\u003E\n\u003Cdiv class=\u0022argument-accueil-velo-teaser\u0022\u003E\n        \u003Cdiv class=\u0022field_image\u0022\u003E  \u003Cimg loading=\u0022lazy\u0022 src=\u0022\/sites\/default\/files\/accueilvelo\/4-picto-parking-2.png\u0022 width=\u00221102\u0022 height=\u00221102\u0022 alt=\u0022\u0022 \/\u003E\n\n\u003C\/div\u003E\n  \n  \u003Cdiv class=\u0022label\u0022\u003EStationner votre v\u00e9lo\u003C\/div\u003E\n        \u003Cdiv class=\u0022description\u0022\u003E\u003Cp\u003E\u003Cmeta charset=\u0022utf-8\u0022\u003E\u003Cmeta charset=\u0022utf-8\u0022\u003E\u003Cspan style=\u0022white-space:pre-wrap;\u0022\u003EUn \u003Cstrong\u003Estationnement s\u00e9curis\u00e9 et gratuit\u003C\/strong\u003E pour votre v\u00e9lo pour une pause d\u00e9jeuner, une nuit\u00e9e ou une \u00e9tape touristique en toute tranquillit\u00e9.\u003C\/span\u003E\u003C\/p\u003E\u003C\/div\u003E\n  \n\u003C\/div\u003E\n\u003Cdiv class=\u0022argument-accueil-velo-teaser\u0022\u003E\n        \u003Cdiv class=\u0022field_image\u0022\u003E  \u003Cimg loading=\u0022lazy\u0022 src=\u0022\/sites\/default\/files\/accueilvelo\/5-picto-bagage-2.png\u0022 width=\u00221102\u0022 height=\u00221102\u0022 alt=\u0022\u0022 \/\u003E\n\n\u003C\/div\u003E\n  \n  \u003Cdiv class=\u0022label\u0022\u003ED\u00e9poser vos bagages\u003C\/div\u003E\n        \u003Cdiv class=\u0022description\u0022\u003E\u003Cp\u003E\u003Cstrong\u003E\u003Cmeta charset=\u0022utf-8\u0022\u003ELaisser vos sacoches\u003C\/strong\u003E et bagages en toute s\u00e9r\u00e9nit\u00e9 gr\u00e2ce \u00e0 un \u003Cstrong\u003Eespace s\u00e9curis\u00e9\u003C\/strong\u003E (gardiennage, casiers ou consignes), pour profiter pleinement de votre pause sans souci.\u003C\/p\u003E\u003C\/div\u003E\n  \n\u003C\/div\u003E\n\u003Cdiv class=\u0022argument-accueil-velo-teaser\u0022\u003E\n        \u003Cdiv class=\u0022field_image\u0022\u003E  \u003Cimg loading=\u0022lazy\u0022 src=\u0022\/sites\/default\/files\/accueilvelo\/6-picto-recharge-tel-2.png\u0022 width=\u00221102\u0022 height=\u00221102\u0022 alt=\u0022\u0022 \/\u003E\n\n\u003C\/div\u003E\n  \n  \u003Cdiv class=\u0022label\u0022\u003ERecharger vos appareils\u003C\/div\u003E\n        \u003Cdiv class=\u0022description\u0022\u003E\u003Cp\u003E\u003Cstrong\u003ERecharger\u003C\/strong\u003E facilement votre \u003Cstrong\u003Et\u00e9l\u00e9phone\u003C\/strong\u003E ou votre GPS sur votre trajet !\u003C\/p\u003E\u003C\/div\u003E\n  \n\u003C\/div\u003E\n\u003Cdiv class=\u0022argument-accueil-velo-teaser\u0022\u003E\n        \u003Cdiv class=\u0022field_image\u0022\u003E  \u003Cimg loading=\u0022lazy\u0022 src=\u0022\/sites\/default\/files\/accueilvelo\/7-picto-batterie-2.png\u0022 width=\u00221102\u0022 height=\u00221102\u0022 alt=\u0022\u0022 \/\u003E\n\n\u003C\/div\u003E\n  \n  \u003Cdiv class=\u0022label\u0022\u003ERecharger votre v\u00e9lo\u003C\/div\u003E\n        \u003Cdiv class=\u0022description\u0022\u003E\u003Cp\u003ERecharger votre \u003Cstrong\u003Ev\u00e9lo \u00e9lectrique\u003C\/strong\u003E (VAE) pour repartir \u00e0 100 % d\u2019\u00e9nergie apr\u00e8s chaque \u00e9tape !\u003C\/p\u003E\u003C\/div\u003E\n  \n\u003C\/div\u003E\n\u003Cdiv class=\u0022argument-accueil-velo-teaser\u0022\u003E\n        \u003Cdiv class=\u0022field_image\u0022\u003E  \u003Cimg loading=\u0022lazy\u0022 src=\u0022\/sites\/default\/files\/accueilvelo\/3-picto-reparation-2.png\u0022 width=\u00221102\u0022 height=\u00221102\u0022 alt=\u0022\u0022 \/\u003E\n\n\u003C\/div\u003E\n  \n  \u003Cdiv class=\u0022label\u0022\u003EKit de r\u00e9paration \u00e0 disposition\u003C\/div\u003E\n        \u003Cdiv class=\u0022description\u0022\u003E\u003Cp\u003E\u003Cmeta charset=\u0022utf-8\u0022\u003EUn \u003Cstrong\u003Ekit de r\u00e9paration complet\u003C\/strong\u003E \u00e0 disposition en cas de p\u00e9pin, et l\u2019adresse du r\u00e9parateur le plus proche si besoin.\u003C\/p\u003E\u003C\/div\u003E\n  \n\u003C\/div\u003E\n\u003Ch3\u003ECrit\u00e8res suppl\u00e9mentaires pour les h\u00e9bergements\u003C\/h3\u003E\u003Cdiv class=\u0022argument-accueil-velo-teaser\u0022\u003E\n        \u003Cdiv class=\u0022field_image\u0022\u003E  \u003Cimg loading=\u0022lazy\u0022 src=\u0022\/sites\/default\/files\/accueilvelo\/laver-linge-accueil-velo_0.png\u0022 width=\u002280\u0022 height=\u002280\u0022 alt=\u0022\u0022 \/\u003E\n\n\u003C\/div\u003E\n  \n  \u003Cdiv class=\u0022label\u0022\u003ELaver votre linge\u003C\/div\u003E\n        \u003Cdiv class=\u0022description\u0022\u003E\u003Cp\u003EApr\u00e8s une \u00e9tape \u00e0 v\u00e9lo, profitez de la possibilit\u00e9 de laver et s\u00e9cher votre linge afin de repartir frais et pr\u00eat pour la suite de votre itin\u00e9raire.\u003C\/p\u003E\u003C\/div\u003E\n  \n\u003C\/div\u003E\n\u003Cdiv class=\u0022argument-accueil-velo-teaser\u0022\u003E\n        \u003Cdiv class=\u0022field_image\u0022\u003E  \u003Cimg loading=\u0022lazy\u0022 src=\u0022\/sites\/default\/files\/accueilvelo\/nettoyage-velo-accueil-velo.png\u0022 width=\u002280\u0022 height=\u002280\u0022 alt=\u0022\u0022 \/\u003E\n\n\u003C\/div\u003E\n  \n  \u003Cdiv class=\u0022label\u0022\u003ENettoyer votre v\u00e9lo\u003C\/div\u003E\n        \u003Cdiv class=\u0022description\u0022\u003E\u003Cp\u003EVotre v\u00e9lo aussi m\u00e9rite une pause ! Des \u00e9quipements ou espaces adapt\u00e9s vous permettent de nettoyer facilement votre v\u00e9lo apr\u00e8s votre journ\u00e9e de route.\u003C\/p\u003E\u003C\/div\u003E\n  \n\u003C\/div\u003E\n\u003Cdiv class=\u0022argument-accueil-velo-teaser\u0022\u003E\n        \u003Cdiv class=\u0022field_image\u0022\u003E  \u003Cimg loading=\u0022lazy\u0022 src=\u0022\/sites\/default\/files\/accueilvelo\/petit-dejeuner-accueil-velo.png\u0022 width=\u002280\u0022 height=\u002280\u0022 alt=\u0022\u0022 \/\u003E\n\n\u003C\/div\u003E\n  \n  \u003Cdiv class=\u0022label\u0022\u003EFaire le plein d\u2019\u00e9nergie au petit d\u00e9jeuner\u003C\/div\u003E\n        \u003Cdiv class=\u0022description\u0022\u003E\u003Cp\u003ELorsque les h\u00e9bergements Accueil V\u00e9lo proposent un petit d\u00e9jeuner, celui-ci est adapt\u00e9 aux cyclistes pour bien d\u00e9marrer la journ\u00e9e et reprendre la route en pleine forme.\u003C\/p\u003E\u003C\/div\u003E\n  \n\u003C\/div\u003E\n\u003Cdiv class=\u0022argument-accueil-velo-teaser\u0022\u003E\n        \u003Cdiv class=\u0022field_image\u0022\u003E  \u003Cimg loading=\u0022lazy\u0022 src=\u0022\/sites\/default\/files\/accueilvelo\/repas-soir-accueil-velo.png\u0022 width=\u002280\u0022 height=\u002280\u0022 alt=\u0022\u0022 \/\u003E\n\n\u003C\/div\u003E\n  \n  \u003Cdiv class=\u0022label\u0022\u003ETrouver facilement o\u00f9 d\u00eener\u003C\/div\u003E\n        \u003Cdiv class=\u0022description\u0022\u003E\u003Cp\u003ESi votre h\u00e9bergement ne propose pas de restauration le soir, votre h\u00f4te pourra vous indiquer les bonnes adresses \u00e0 proximit\u00e9 pour profiter d\u2019un repas apr\u00e8s votre journ\u00e9e \u00e0 v\u00e9lo.\u003C\/p\u003E\u003C\/div\u003E\n  \n\u003C\/div\u003E\n\u003Cdiv class=\u0022argument-accueil-velo-teaser\u0022\u003E\n        \u003Cdiv class=\u0022field_image\u0022\u003E  \u003Cimg loading=\u0022lazy\u0022 src=\u0022\/sites\/default\/files\/accueilvelo\/transfert-bagage-accueil-velo.png\u0022 width=\u002280\u0022 height=\u002280\u0022 alt=\u0022\u0022 \/\u003E\n\n\u003C\/div\u003E\n  \n  \u003Cdiv class=\u0022label\u0022\u003ETransfert de bagages (service optionnel)\u003C\/div\u003E\n        \u003Cdiv class=\u0022description\u0022\u003E\u003Cp\u003ECertains h\u00e9bergements Accueil V\u00e9lo proposent un service de transfert de bagages entre vos \u00e9tapes pour vous permettre de voyager plus l\u00e9ger.\u003C\/p\u003E\u003C\/div\u003E\n  \n\u003C\/div\u003E\n\u003Cdiv class=\u0022argument-accueil-velo-teaser\u0022\u003E\n        \u003Cdiv class=\u0022field_image\u0022\u003E  \u003Cimg loading=\u0022lazy\u0022 src=\u0022\/sites\/default\/files\/accueilvelo\/parking-accueil-velo.png\u0022 width=\u002280\u0022 height=\u002280\u0022 alt=\u0022\u0022 \/\u003E\n\n\u003C\/div\u003E\n  \n  \u003Cdiv class=\u0022label\u0022\u003EStationner votre v\u00e9hicule pendant votre voyage (service optionnel)\u003C\/div\u003E\n        \u003Cdiv class=\u0022description\u0022\u003E\u003Cp\u003ECertains h\u00e9bergements peuvent \u00e9galement vous proposer de laisser votre v\u00e9hicule stationn\u00e9 chez eux pendant votre s\u00e9jour \u00e0 v\u00e9lo.\u003C\/p\u003E\u003C\/div\u003E\n  \n\u003C\/div\u003E\n\n          \u003C\/div\u003E\n  \u003C\/div\u003E\n\u003C\/div\u003E\n","settings":null}]